{"id":20108,"date":"2023-09-27T09:44:02","date_gmt":"2023-09-27T07:44:02","guid":{"rendered":"https:\/\/unterbaech.ch\/revision-telepherique-raron-unterbaech\/"},"modified":"2023-10-16T13:48:09","modified_gmt":"2023-10-16T11:48:09","slug":"revision-telepherique-raron-unterbaech","status":"publish","type":"post","link":"https:\/\/unterbaech.ch\/fr\/revision-telepherique-raron-unterbaech\/","title":{"rendered":"R\u00e9vision t\u00e9l\u00e9ph\u00e9rique Raron-Unterb\u00e4ch"},"content":{"rendered":"<div id='av_section_1'  class='avia-section av-2ozu1-d0416f96d23280b881dcadfb59c1e2de main_color avia-section-default avia-no-border-styling  avia-builder-el-0  avia-builder-el-no-sibling  section-leadtext image avia-bg-style-scroll container_wrap fullsize'  ><div class='container av-section-cont-open' ><main  role=\"main\" itemprop=\"mainContentOfPage\"  class='template-page content  av-content-full alpha units'><div class='post-entry post-entry-type-page post-entry-20108'><div class='entry-content-wrapper clearfix'>\n<div class='flex_column_table av-3z81-f10b1524d109005ce059068763d09583 sc-av_one_half av-break-at-tablet-flextable av-equal-height-column-flextable'>\n<style type=\"text\/css\" data-created_by=\"avia_inline_auto\" id=\"style-css-av-3z81-f10b1524d109005ce059068763d09583\">\n.flex_column.av-3z81-f10b1524d109005ce059068763d09583{\nborder-radius:0px 0px 0px 0px;\npadding:0px 0px 0px 0px;\n}\n<\/style>\n<div  class='flex_column av-3z81-f10b1524d109005ce059068763d09583 av_one_half  avia-builder-el-1  el_before_av_one_half  avia-builder-el-first  first av-break-at-tablet flex_column_table_cell av-equal-height-column av-align-top av-zero-column-padding  '     ><p><section  class='av_textblock_section av-jwhniv6n-77f7ff782a49c8302190c64c50e5312d '   itemscope=\"itemscope\" itemtype=\"https:\/\/schema.org\/BlogPosting\" itemprop=\"blogPost\" ><div class='avia_textblock'  itemprop=\"text\" ><p><strong>16.10.2023 &#8211; 21.10.2023<\/strong><\/p>\n<h2>R\u00e9vision t\u00e9l\u00e9ph\u00e9rique Raron-Unterb\u00e4ch<\/h2>\n<\/div><\/section><br \/>\n<section  class='av_textblock_section av-jwhniv6n-7-939383a809def7d9fdf44c4350efd6fe '   itemscope=\"itemscope\" itemtype=\"https:\/\/schema.org\/BlogPosting\" itemprop=\"blogPost\" ><div class='avia_textblock lead'  itemprop=\"text\" ><p>Le t\u00e9l\u00e9ph\u00e9rique Raron-Unterb\u00e4ch est en r\u00e9vision durant la semaine 42. Le service est interrompu comme suit :<\/p>\n<p><strong>Matin : 8:00 &#8211; 11:55<\/strong><br \/>\n<strong>Apr\u00e8s-midi : 13:30 &#8211; 16:55<\/strong><\/p>\n<p>Durant cette p\u00e9riode, un bus est mis en place pour Eischoll. Les h\u00f4tes au d\u00e9part de Rarogne utiliseront le t\u00e9l\u00e9ph\u00e9rique d&rsquo;Eischoll et seront pris en charge \u00e0 la station sup\u00e9rieure.<\/p>\n<p><strong>Bus de Unterb\u00e4ch<\/strong><br \/>\n08:48\u00a0 \u00a009:18\u00a0 \u00a009:48\u00a0 \u00a010:18\u00a0 \u00a010:48<br \/>\n13:48\u00a0 \u00a0 14:18\u00a0 \u00a0 14:48\u00a0 \u00a0 15:18\u00a0 \u00a016:18<\/p>\n<p><strong>Bus de Eischoll<\/strong><br \/>\n09:05\u00a0 \u00a0 09:35\u00a0 \u00a0 10:05\u00a0 \u00a0 10:35\u00a0 \u00a0 11:05<br \/>\n14:05\u00a0 \u00a0 14:35\u00a0 \u00a0 \u00a015:05\u00a0 \u00a0 \u00a015:35\u00a0 \u00a0 16:35<\/p>\n<p>Merci de votre compr\u00e9hension<\/p>\n<\/div><\/section><\/p><\/div><div class='av-flex-placeholder'><\/div>\n<style type=\"text\/css\" data-created_by=\"avia_inline_auto\" id=\"style-css-av-3z81-8-f1a470bf9f89c5f75d15c437eee22b5f\">\n.flex_column.av-3z81-8-f1a470bf9f89c5f75d15c437eee22b5f{\nborder-radius:0px 0px 0px 0px;\npadding:0px 0px 0px 0px;\n}\n<\/style>\n<div  class='flex_column av-3z81-8-f1a470bf9f89c5f75d15c437eee22b5f av_one_half  avia-builder-el-4  el_after_av_one_half  avia-builder-el-last  image av-break-at-tablet flex_column_table_cell av-equal-height-column av-align-top av-zero-column-padding avia-full-stretch  '     ><style type=\"text\/css\" data-created_by=\"avia_inline_auto\" id=\"style-css-av-kbccxasc-37c0f979d1072e59e687b42b30fd352d\">\n.avia-image-container.av-kbccxasc-37c0f979d1072e59e687b42b30fd352d img.avia_image{\nbox-shadow:none;\n}\n.avia-image-container.av-kbccxasc-37c0f979d1072e59e687b42b30fd352d .av-image-caption-overlay-center{\ncolor:#ffffff;\n}\n<\/style>\n<div  class='avia-image-container av-kbccxasc-37c0f979d1072e59e687b42b30fd352d av-styling- av-img-linked avia-align-center  avia-builder-el-5  avia-builder-el-no-sibling '   itemprop=\"image\" itemscope=\"itemscope\" itemtype=\"https:\/\/schema.org\/ImageObject\" ><div class=\"avia-image-container-inner\"><div class=\"avia-image-overlay-wrap\"><a href=\"https:\/\/unterbaech.ch\/wp-content\/uploads\/DSC07629_\u00a9marcoschnyder-1619x1080.jpg\" data-srcset=\"https:\/\/unterbaech.ch\/wp-content\/uploads\/DSC07629_\u00a9marcoschnyder-1619x1080.jpg 1619w, https:\/\/unterbaech.ch\/wp-content\/uploads\/DSC07629_\u00a9marcoschnyder-1024x683.jpg 1024w, https:\/\/unterbaech.ch\/wp-content\/uploads\/DSC07629_\u00a9marcoschnyder-768x512.jpg 768w, https:\/\/unterbaech.ch\/wp-content\/uploads\/DSC07629_\u00a9marcoschnyder-1536x1025.jpg 1536w, https:\/\/unterbaech.ch\/wp-content\/uploads\/DSC07629_\u00a9marcoschnyder-1500x1001.jpg 1500w, https:\/\/unterbaech.ch\/wp-content\/uploads\/DSC07629_\u00a9marcoschnyder-705x470.jpg 705w, https:\/\/unterbaech.ch\/wp-content\/uploads\/DSC07629_\u00a9marcoschnyder.jpg 1920w\" data-sizes=\"(max-width: 1500px) 100vw, 1500px\" class='avia_image '  aria-label='DSC07629_\u00a9marcoschnyder'><img decoding=\"async\" loading=\"lazy\" class='wp-image-6081 avia-img-lazy-loading-6081 avia_image ' src=\"https:\/\/unterbaech.ch\/wp-content\/uploads\/DSC07629_\u00a9marcoschnyder-1024x683.jpg\" alt='Luftseilbahn Raron-Unterb\u00e4ch' title='DSC07629_\u00a9marcoschnyder'  height=\"683\" width=\"1024\"  itemprop=\"thumbnailUrl\" srcset=\"https:\/\/unterbaech.ch\/wp-content\/uploads\/DSC07629_\u00a9marcoschnyder-1024x683.jpg 1024w, https:\/\/unterbaech.ch\/wp-content\/uploads\/DSC07629_\u00a9marcoschnyder-1619x1080.jpg 1619w, https:\/\/unterbaech.ch\/wp-content\/uploads\/DSC07629_\u00a9marcoschnyder-768x512.jpg 768w, https:\/\/unterbaech.ch\/wp-content\/uploads\/DSC07629_\u00a9marcoschnyder-1536x1025.jpg 1536w, https:\/\/unterbaech.ch\/wp-content\/uploads\/DSC07629_\u00a9marcoschnyder-1500x1001.jpg 1500w, https:\/\/unterbaech.ch\/wp-content\/uploads\/DSC07629_\u00a9marcoschnyder-705x470.jpg 705w, https:\/\/unterbaech.ch\/wp-content\/uploads\/DSC07629_\u00a9marcoschnyder.jpg 1920w\" sizes=\"auto, (max-width: 1024px) 100vw, 1024px\" \/><\/a><\/div><\/div><\/div><\/div><\/div><!--close column table wrapper. Autoclose: 1 -->\n","protected":false},"excerpt":{"rendered":"<p>16.10.2023-21.10.2023<\/p>\n","protected":false},"author":8,"featured_media":6081,"comment_status":"closed","ping_status":"open","sticky":false,"template":"","format":"standard","meta":{"inline_featured_image":false,"footnotes":""},"categories":[11],"tags":[],"class_list":["post-20108","post","type-post","status-publish","format-standard","has-post-thumbnail","hentry","category-non-classifiee"],"yoast_head":"<!-- This site is optimized with the Yoast SEO plugin v27.5 - https:\/\/yoast.com\/product\/yoast-seo-wordpress\/ -->\n<title>R\u00e9vision t\u00e9l\u00e9ph\u00e9rique Raron-Unterb\u00e4ch - Unterb\u00e4ch<\/title>\n<meta name=\"description\" content=\"Le t\u00e9l\u00e9ph\u00e9rique Raron-Unterb\u00e4ch est en r\u00e9vision durant la semaine 42. Le service est interrompu comme suit: Matin: 8:00 - 11:55 Apr\u00e8s-midi: 13:30 - 16:55 Durant cette p\u00e9riode, un bus est mis en place pour Eischoll. Les h\u00f4tes au d\u00e9part de Rarogne utiliseront le t\u00e9l\u00e9ph\u00e9rique d&#039;Eischoll et seront pris en charge \u00e0 la station sup\u00e9rieure. Merci de votre compr\u00e9hension\" \/>\n<meta name=\"robots\" content=\"index, follow, max-snippet:-1, max-image-preview:large, max-video-preview:-1\" \/>\n<link rel=\"canonical\" href=\"https:\/\/unterbaech.ch\/fr\/revision-telepherique-raron-unterbaech\/\" \/>\n<meta property=\"og:locale\" content=\"fr_FR\" \/>\n<meta property=\"og:type\" content=\"article\" \/>\n<meta property=\"og:title\" content=\"R\u00e9vision t\u00e9l\u00e9ph\u00e9rique Raron-Unterb\u00e4ch - Unterb\u00e4ch\" \/>\n<meta property=\"og:description\" content=\"Le t\u00e9l\u00e9ph\u00e9rique Raron-Unterb\u00e4ch est en r\u00e9vision durant la semaine 42. Le service est interrompu comme suit: Matin: 8:00 - 11:55 Apr\u00e8s-midi: 13:30 - 16:55 Durant cette p\u00e9riode, un bus est mis en place pour Eischoll. Les h\u00f4tes au d\u00e9part de Rarogne utiliseront le t\u00e9l\u00e9ph\u00e9rique d&#039;Eischoll et seront pris en charge \u00e0 la station sup\u00e9rieure. Merci de votre compr\u00e9hension\" \/>\n<meta property=\"og:url\" content=\"https:\/\/unterbaech.ch\/fr\/revision-telepherique-raron-unterbaech\/\" \/>\n<meta property=\"og:site_name\" content=\"Unterb\u00e4ch\" \/>\n<meta property=\"article:publisher\" content=\"https:\/\/www.facebook.com\/unterbaech\" \/>\n<meta property=\"article:author\" content=\"https:\/\/www.facebook.com\/unterbaech\" \/>\n<meta property=\"article:published_time\" content=\"2023-09-27T07:44:02+00:00\" \/>\n<meta property=\"article:modified_time\" content=\"2023-10-16T11:48:09+00:00\" \/>\n<meta property=\"og:image\" content=\"https:\/\/unterbaech.ch\/wp-content\/uploads\/DSC07629_\u00a9marcoschnyder.jpg\" \/>\n\t<meta property=\"og:image:width\" content=\"1920\" \/>\n\t<meta property=\"og:image:height\" content=\"1281\" \/>\n\t<meta property=\"og:image:type\" content=\"image\/jpeg\" \/>\n<meta name=\"author\" content=\"tourismus\" \/>\n<meta name=\"twitter:card\" content=\"summary_large_image\" \/>\n<meta name=\"twitter:label1\" content=\"\u00c9crit par\" \/>\n\t<meta name=\"twitter:data1\" content=\"tourismus\" \/>\n\t<meta name=\"twitter:label2\" content=\"Dur\u00e9e de lecture estim\u00e9e\" \/>\n\t<meta name=\"twitter:data2\" content=\"5 minutes\" \/>\n<script type=\"application\/ld+json\" class=\"yoast-schema-graph\">{\"@context\":\"https:\\\/\\\/schema.org\",\"@graph\":[{\"@type\":\"Article\",\"@id\":\"https:\\\/\\\/unterbaech.ch\\\/fr\\\/revision-telepherique-raron-unterbaech\\\/#article\",\"isPartOf\":{\"@id\":\"https:\\\/\\\/unterbaech.ch\\\/fr\\\/revision-telepherique-raron-unterbaech\\\/\"},\"author\":{\"name\":\"tourismus\",\"@id\":\"https:\\\/\\\/unterbaech.ch\\\/fr\\\/#\\\/schema\\\/person\\\/9fbc912ade916e5cc6c288a30acfbe3f\"},\"headline\":\"R\u00e9vision t\u00e9l\u00e9ph\u00e9rique Raron-Unterb\u00e4ch\",\"datePublished\":\"2023-09-27T07:44:02+00:00\",\"dateModified\":\"2023-10-16T11:48:09+00:00\",\"mainEntityOfPage\":{\"@id\":\"https:\\\/\\\/unterbaech.ch\\\/fr\\\/revision-telepherique-raron-unterbaech\\\/\"},\"wordCount\":803,\"publisher\":{\"@id\":\"https:\\\/\\\/unterbaech.ch\\\/fr\\\/#organization\"},\"image\":{\"@id\":\"https:\\\/\\\/unterbaech.ch\\\/fr\\\/revision-telepherique-raron-unterbaech\\\/#primaryimage\"},\"thumbnailUrl\":\"https:\\\/\\\/unterbaech.ch\\\/wp-content\\\/uploads\\\/DSC07629_\u00a9marcoschnyder.jpg\",\"articleSection\":[\"Non classifi\u00e9(e)\"],\"inLanguage\":\"fr-FR\"},{\"@type\":\"WebPage\",\"@id\":\"https:\\\/\\\/unterbaech.ch\\\/fr\\\/revision-telepherique-raron-unterbaech\\\/\",\"url\":\"https:\\\/\\\/unterbaech.ch\\\/fr\\\/revision-telepherique-raron-unterbaech\\\/\",\"name\":\"R\u00e9vision t\u00e9l\u00e9ph\u00e9rique Raron-Unterb\u00e4ch - Unterb\u00e4ch\",\"isPartOf\":{\"@id\":\"https:\\\/\\\/unterbaech.ch\\\/fr\\\/#website\"},\"primaryImageOfPage\":{\"@id\":\"https:\\\/\\\/unterbaech.ch\\\/fr\\\/revision-telepherique-raron-unterbaech\\\/#primaryimage\"},\"image\":{\"@id\":\"https:\\\/\\\/unterbaech.ch\\\/fr\\\/revision-telepherique-raron-unterbaech\\\/#primaryimage\"},\"thumbnailUrl\":\"https:\\\/\\\/unterbaech.ch\\\/wp-content\\\/uploads\\\/DSC07629_\u00a9marcoschnyder.jpg\",\"datePublished\":\"2023-09-27T07:44:02+00:00\",\"dateModified\":\"2023-10-16T11:48:09+00:00\",\"description\":\"Le t\u00e9l\u00e9ph\u00e9rique Raron-Unterb\u00e4ch est en r\u00e9vision durant la semaine 42. Le service est interrompu comme suit: Matin: 8:00 - 11:55 Apr\u00e8s-midi: 13:30 - 16:55 Durant cette p\u00e9riode, un bus est mis en place pour Eischoll. Les h\u00f4tes au d\u00e9part de Rarogne utiliseront le t\u00e9l\u00e9ph\u00e9rique d'Eischoll et seront pris en charge \u00e0 la station sup\u00e9rieure. Merci de votre compr\u00e9hension\",\"breadcrumb\":{\"@id\":\"https:\\\/\\\/unterbaech.ch\\\/fr\\\/revision-telepherique-raron-unterbaech\\\/#breadcrumb\"},\"inLanguage\":\"fr-FR\",\"potentialAction\":[{\"@type\":\"ReadAction\",\"target\":[\"https:\\\/\\\/unterbaech.ch\\\/fr\\\/revision-telepherique-raron-unterbaech\\\/\"]}]},{\"@type\":\"ImageObject\",\"inLanguage\":\"fr-FR\",\"@id\":\"https:\\\/\\\/unterbaech.ch\\\/fr\\\/revision-telepherique-raron-unterbaech\\\/#primaryimage\",\"url\":\"https:\\\/\\\/unterbaech.ch\\\/wp-content\\\/uploads\\\/DSC07629_\u00a9marcoschnyder.jpg\",\"contentUrl\":\"https:\\\/\\\/unterbaech.ch\\\/wp-content\\\/uploads\\\/DSC07629_\u00a9marcoschnyder.jpg\",\"width\":1920,\"height\":1281,\"caption\":\"Luftseilbahn Raron-Unterb\u00e4ch\"},{\"@type\":\"BreadcrumbList\",\"@id\":\"https:\\\/\\\/unterbaech.ch\\\/fr\\\/revision-telepherique-raron-unterbaech\\\/#breadcrumb\",\"itemListElement\":[{\"@type\":\"ListItem\",\"position\":1,\"name\":\"Startseite\",\"item\":\"https:\\\/\\\/unterbaech.ch\\\/fr\\\/accueil\\\/\"},{\"@type\":\"ListItem\",\"position\":2,\"name\":\"R\u00e9vision t\u00e9l\u00e9ph\u00e9rique Raron-Unterb\u00e4ch\"}]},{\"@type\":\"WebSite\",\"@id\":\"https:\\\/\\\/unterbaech.ch\\\/fr\\\/#website\",\"url\":\"https:\\\/\\\/unterbaech.ch\\\/fr\\\/\",\"name\":\"Unterb\u00e4ch\",\"description\":\"\",\"publisher\":{\"@id\":\"https:\\\/\\\/unterbaech.ch\\\/fr\\\/#organization\"},\"potentialAction\":[{\"@type\":\"SearchAction\",\"target\":{\"@type\":\"EntryPoint\",\"urlTemplate\":\"https:\\\/\\\/unterbaech.ch\\\/fr\\\/?s={search_term_string}\"},\"query-input\":{\"@type\":\"PropertyValueSpecification\",\"valueRequired\":true,\"valueName\":\"search_term_string\"}}],\"inLanguage\":\"fr-FR\"},{\"@type\":\"Organization\",\"@id\":\"https:\\\/\\\/unterbaech.ch\\\/fr\\\/#organization\",\"name\":\"Unterb\u00e4ch Tourismus\",\"url\":\"https:\\\/\\\/unterbaech.ch\\\/fr\\\/\",\"logo\":{\"@type\":\"ImageObject\",\"inLanguage\":\"fr-FR\",\"@id\":\"https:\\\/\\\/unterbaech.ch\\\/fr\\\/#\\\/schema\\\/logo\\\/image\\\/\",\"url\":\"https:\\\/\\\/unterbaech.ch\\\/wp-content\\\/uploads\\\/Logo-1.png\",\"contentUrl\":\"https:\\\/\\\/unterbaech.ch\\\/wp-content\\\/uploads\\\/Logo-1.png\",\"width\":1125,\"height\":1102,\"caption\":\"Unterb\u00e4ch Tourismus\"},\"image\":{\"@id\":\"https:\\\/\\\/unterbaech.ch\\\/fr\\\/#\\\/schema\\\/logo\\\/image\\\/\"},\"sameAs\":[\"https:\\\/\\\/www.facebook.com\\\/unterbaech\",\"https:\\\/\\\/www.instagram.com\\\/visit.unterbaech\\\/\",\"https:\\\/\\\/de.wikipedia.org\\\/wiki\\\/Unterb\u00e4ch\"]},{\"@type\":\"Person\",\"@id\":\"https:\\\/\\\/unterbaech.ch\\\/fr\\\/#\\\/schema\\\/person\\\/9fbc912ade916e5cc6c288a30acfbe3f\",\"name\":\"tourismus\",\"image\":{\"@type\":\"ImageObject\",\"inLanguage\":\"fr-FR\",\"@id\":\"https:\\\/\\\/secure.gravatar.com\\\/avatar\\\/73ad8672faa02276cdc43bc35c510767ad77a91fbe3a9af518ff1499e508b552?s=96&d=mm&r=g\",\"url\":\"https:\\\/\\\/secure.gravatar.com\\\/avatar\\\/73ad8672faa02276cdc43bc35c510767ad77a91fbe3a9af518ff1499e508b552?s=96&d=mm&r=g\",\"contentUrl\":\"https:\\\/\\\/secure.gravatar.com\\\/avatar\\\/73ad8672faa02276cdc43bc35c510767ad77a91fbe3a9af518ff1499e508b552?s=96&d=mm&r=g\",\"caption\":\"tourismus\"},\"sameAs\":[\"http:\\\/\\\/www.unterbaech.ch%20\",\"https:\\\/\\\/www.facebook.com\\\/unterbaech\",\"https:\\\/\\\/www.instagram.com\\\/visit.unterbaech\\\/\"],\"url\":\"https:\\\/\\\/unterbaech.ch\\\/fr\\\/author\\\/tourismus\\\/\"}]}<\/script>\n<!-- \/ Yoast SEO plugin. -->","yoast_head_json":{"title":"R\u00e9vision t\u00e9l\u00e9ph\u00e9rique Raron-Unterb\u00e4ch - Unterb\u00e4ch","description":"Le t\u00e9l\u00e9ph\u00e9rique Raron-Unterb\u00e4ch est en r\u00e9vision durant la semaine 42. Le service est interrompu comme suit: Matin: 8:00 - 11:55 Apr\u00e8s-midi: 13:30 - 16:55 Durant cette p\u00e9riode, un bus est mis en place pour Eischoll. Les h\u00f4tes au d\u00e9part de Rarogne utiliseront le t\u00e9l\u00e9ph\u00e9rique d'Eischoll et seront pris en charge \u00e0 la station sup\u00e9rieure. Merci de votre compr\u00e9hension","robots":{"index":"index","follow":"follow","max-snippet":"max-snippet:-1","max-image-preview":"max-image-preview:large","max-video-preview":"max-video-preview:-1"},"canonical":"https:\/\/unterbaech.ch\/fr\/revision-telepherique-raron-unterbaech\/","og_locale":"fr_FR","og_type":"article","og_title":"R\u00e9vision t\u00e9l\u00e9ph\u00e9rique Raron-Unterb\u00e4ch - Unterb\u00e4ch","og_description":"Le t\u00e9l\u00e9ph\u00e9rique Raron-Unterb\u00e4ch est en r\u00e9vision durant la semaine 42. Le service est interrompu comme suit: Matin: 8:00 - 11:55 Apr\u00e8s-midi: 13:30 - 16:55 Durant cette p\u00e9riode, un bus est mis en place pour Eischoll. Les h\u00f4tes au d\u00e9part de Rarogne utiliseront le t\u00e9l\u00e9ph\u00e9rique d'Eischoll et seront pris en charge \u00e0 la station sup\u00e9rieure. Merci de votre compr\u00e9hension","og_url":"https:\/\/unterbaech.ch\/fr\/revision-telepherique-raron-unterbaech\/","og_site_name":"Unterb\u00e4ch","article_publisher":"https:\/\/www.facebook.com\/unterbaech","article_author":"https:\/\/www.facebook.com\/unterbaech","article_published_time":"2023-09-27T07:44:02+00:00","article_modified_time":"2023-10-16T11:48:09+00:00","og_image":[{"width":1920,"height":1281,"url":"https:\/\/unterbaech.ch\/wp-content\/uploads\/DSC07629_\u00a9marcoschnyder.jpg","type":"image\/jpeg"}],"author":"tourismus","twitter_card":"summary_large_image","twitter_misc":{"\u00c9crit par":"tourismus","Dur\u00e9e de lecture estim\u00e9e":"5 minutes"},"schema":{"@context":"https:\/\/schema.org","@graph":[{"@type":"Article","@id":"https:\/\/unterbaech.ch\/fr\/revision-telepherique-raron-unterbaech\/#article","isPartOf":{"@id":"https:\/\/unterbaech.ch\/fr\/revision-telepherique-raron-unterbaech\/"},"author":{"name":"tourismus","@id":"https:\/\/unterbaech.ch\/fr\/#\/schema\/person\/9fbc912ade916e5cc6c288a30acfbe3f"},"headline":"R\u00e9vision t\u00e9l\u00e9ph\u00e9rique Raron-Unterb\u00e4ch","datePublished":"2023-09-27T07:44:02+00:00","dateModified":"2023-10-16T11:48:09+00:00","mainEntityOfPage":{"@id":"https:\/\/unterbaech.ch\/fr\/revision-telepherique-raron-unterbaech\/"},"wordCount":803,"publisher":{"@id":"https:\/\/unterbaech.ch\/fr\/#organization"},"image":{"@id":"https:\/\/unterbaech.ch\/fr\/revision-telepherique-raron-unterbaech\/#primaryimage"},"thumbnailUrl":"https:\/\/unterbaech.ch\/wp-content\/uploads\/DSC07629_\u00a9marcoschnyder.jpg","articleSection":["Non classifi\u00e9(e)"],"inLanguage":"fr-FR"},{"@type":"WebPage","@id":"https:\/\/unterbaech.ch\/fr\/revision-telepherique-raron-unterbaech\/","url":"https:\/\/unterbaech.ch\/fr\/revision-telepherique-raron-unterbaech\/","name":"R\u00e9vision t\u00e9l\u00e9ph\u00e9rique Raron-Unterb\u00e4ch - Unterb\u00e4ch","isPartOf":{"@id":"https:\/\/unterbaech.ch\/fr\/#website"},"primaryImageOfPage":{"@id":"https:\/\/unterbaech.ch\/fr\/revision-telepherique-raron-unterbaech\/#primaryimage"},"image":{"@id":"https:\/\/unterbaech.ch\/fr\/revision-telepherique-raron-unterbaech\/#primaryimage"},"thumbnailUrl":"https:\/\/unterbaech.ch\/wp-content\/uploads\/DSC07629_\u00a9marcoschnyder.jpg","datePublished":"2023-09-27T07:44:02+00:00","dateModified":"2023-10-16T11:48:09+00:00","description":"Le t\u00e9l\u00e9ph\u00e9rique Raron-Unterb\u00e4ch est en r\u00e9vision durant la semaine 42. Le service est interrompu comme suit: Matin: 8:00 - 11:55 Apr\u00e8s-midi: 13:30 - 16:55 Durant cette p\u00e9riode, un bus est mis en place pour Eischoll. Les h\u00f4tes au d\u00e9part de Rarogne utiliseront le t\u00e9l\u00e9ph\u00e9rique d'Eischoll et seront pris en charge \u00e0 la station sup\u00e9rieure. Merci de votre compr\u00e9hension","breadcrumb":{"@id":"https:\/\/unterbaech.ch\/fr\/revision-telepherique-raron-unterbaech\/#breadcrumb"},"inLanguage":"fr-FR","potentialAction":[{"@type":"ReadAction","target":["https:\/\/unterbaech.ch\/fr\/revision-telepherique-raron-unterbaech\/"]}]},{"@type":"ImageObject","inLanguage":"fr-FR","@id":"https:\/\/unterbaech.ch\/fr\/revision-telepherique-raron-unterbaech\/#primaryimage","url":"https:\/\/unterbaech.ch\/wp-content\/uploads\/DSC07629_\u00a9marcoschnyder.jpg","contentUrl":"https:\/\/unterbaech.ch\/wp-content\/uploads\/DSC07629_\u00a9marcoschnyder.jpg","width":1920,"height":1281,"caption":"Luftseilbahn Raron-Unterb\u00e4ch"},{"@type":"BreadcrumbList","@id":"https:\/\/unterbaech.ch\/fr\/revision-telepherique-raron-unterbaech\/#breadcrumb","itemListElement":[{"@type":"ListItem","position":1,"name":"Startseite","item":"https:\/\/unterbaech.ch\/fr\/accueil\/"},{"@type":"ListItem","position":2,"name":"R\u00e9vision t\u00e9l\u00e9ph\u00e9rique Raron-Unterb\u00e4ch"}]},{"@type":"WebSite","@id":"https:\/\/unterbaech.ch\/fr\/#website","url":"https:\/\/unterbaech.ch\/fr\/","name":"Unterb\u00e4ch","description":"","publisher":{"@id":"https:\/\/unterbaech.ch\/fr\/#organization"},"potentialAction":[{"@type":"SearchAction","target":{"@type":"EntryPoint","urlTemplate":"https:\/\/unterbaech.ch\/fr\/?s={search_term_string}"},"query-input":{"@type":"PropertyValueSpecification","valueRequired":true,"valueName":"search_term_string"}}],"inLanguage":"fr-FR"},{"@type":"Organization","@id":"https:\/\/unterbaech.ch\/fr\/#organization","name":"Unterb\u00e4ch Tourismus","url":"https:\/\/unterbaech.ch\/fr\/","logo":{"@type":"ImageObject","inLanguage":"fr-FR","@id":"https:\/\/unterbaech.ch\/fr\/#\/schema\/logo\/image\/","url":"https:\/\/unterbaech.ch\/wp-content\/uploads\/Logo-1.png","contentUrl":"https:\/\/unterbaech.ch\/wp-content\/uploads\/Logo-1.png","width":1125,"height":1102,"caption":"Unterb\u00e4ch Tourismus"},"image":{"@id":"https:\/\/unterbaech.ch\/fr\/#\/schema\/logo\/image\/"},"sameAs":["https:\/\/www.facebook.com\/unterbaech","https:\/\/www.instagram.com\/visit.unterbaech\/","https:\/\/de.wikipedia.org\/wiki\/Unterb\u00e4ch"]},{"@type":"Person","@id":"https:\/\/unterbaech.ch\/fr\/#\/schema\/person\/9fbc912ade916e5cc6c288a30acfbe3f","name":"tourismus","image":{"@type":"ImageObject","inLanguage":"fr-FR","@id":"https:\/\/secure.gravatar.com\/avatar\/73ad8672faa02276cdc43bc35c510767ad77a91fbe3a9af518ff1499e508b552?s=96&d=mm&r=g","url":"https:\/\/secure.gravatar.com\/avatar\/73ad8672faa02276cdc43bc35c510767ad77a91fbe3a9af518ff1499e508b552?s=96&d=mm&r=g","contentUrl":"https:\/\/secure.gravatar.com\/avatar\/73ad8672faa02276cdc43bc35c510767ad77a91fbe3a9af518ff1499e508b552?s=96&d=mm&r=g","caption":"tourismus"},"sameAs":["http:\/\/www.unterbaech.ch%20","https:\/\/www.facebook.com\/unterbaech","https:\/\/www.instagram.com\/visit.unterbaech\/"],"url":"https:\/\/unterbaech.ch\/fr\/author\/tourismus\/"}]}},"_links":{"self":[{"href":"https:\/\/unterbaech.ch\/fr\/wp-json\/wp\/v2\/posts\/20108","targetHints":{"allow":["GET"]}}],"collection":[{"href":"https:\/\/unterbaech.ch\/fr\/wp-json\/wp\/v2\/posts"}],"about":[{"href":"https:\/\/unterbaech.ch\/fr\/wp-json\/wp\/v2\/types\/post"}],"author":[{"embeddable":true,"href":"https:\/\/unterbaech.ch\/fr\/wp-json\/wp\/v2\/users\/8"}],"replies":[{"embeddable":true,"href":"https:\/\/unterbaech.ch\/fr\/wp-json\/wp\/v2\/comments?post=20108"}],"version-history":[{"count":4,"href":"https:\/\/unterbaech.ch\/fr\/wp-json\/wp\/v2\/posts\/20108\/revisions"}],"predecessor-version":[{"id":20160,"href":"https:\/\/unterbaech.ch\/fr\/wp-json\/wp\/v2\/posts\/20108\/revisions\/20160"}],"wp:featuredmedia":[{"embeddable":true,"href":"https:\/\/unterbaech.ch\/fr\/wp-json\/wp\/v2\/media\/6081"}],"wp:attachment":[{"href":"https:\/\/unterbaech.ch\/fr\/wp-json\/wp\/v2\/media?parent=20108"}],"wp:term":[{"taxonomy":"category","embeddable":true,"href":"https:\/\/unterbaech.ch\/fr\/wp-json\/wp\/v2\/categories?post=20108"},{"taxonomy":"post_tag","embeddable":true,"href":"https:\/\/unterbaech.ch\/fr\/wp-json\/wp\/v2\/tags?post=20108"}],"curies":[{"name":"wp","href":"https:\/\/api.w.org\/{rel}","templated":true}]}}