{"id":22612,"date":"2024-06-27T10:08:23","date_gmt":"2024-06-27T08:08:23","guid":{"rendered":"https:\/\/unterbaech.ch\/heures-douverture-restaurants\/"},"modified":"2026-04-09T13:34:51","modified_gmt":"2026-04-09T11:34:51","slug":"heures-douverture-restaurants","status":"publish","type":"post","link":"https:\/\/unterbaech.ch\/fr\/heures-douverture-restaurants\/","title":{"rendered":"Heures d&rsquo;ouverture restaurants"},"content":{"rendered":"<div id='av_section_1'  class='avia-section av-2ozu1-d0416f96d23280b881dcadfb59c1e2de main_color avia-section-default avia-no-border-styling  avia-builder-el-0  avia-builder-el-no-sibling  section-leadtext image avia-bg-style-scroll container_wrap fullsize'  ><div class='container av-section-cont-open' ><main  role=\"main\" itemprop=\"mainContentOfPage\"  class='template-page content  av-content-full alpha units'><div class='post-entry post-entry-type-page post-entry-22612'><div class='entry-content-wrapper clearfix'>\n<div class='flex_column_table av-3z81-f10b1524d109005ce059068763d09583 sc-av_one_half av-break-at-tablet-flextable av-equal-height-column-flextable'>\n<style type=\"text\/css\" data-created_by=\"avia_inline_auto\" id=\"style-css-av-3z81-f10b1524d109005ce059068763d09583\">\n.flex_column.av-3z81-f10b1524d109005ce059068763d09583{\nborder-radius:0px 0px 0px 0px;\npadding:0px 0px 0px 0px;\n}\n<\/style>\n<div  class='flex_column av-3z81-f10b1524d109005ce059068763d09583 av_one_half  avia-builder-el-1  el_before_av_one_half  avia-builder-el-first  first av-break-at-tablet flex_column_table_cell av-equal-height-column av-align-top av-zero-column-padding  '     ><section  class='av_textblock_section av-jwhniv6n-c15ef54534be237df35a469032aa006d '   itemscope=\"itemscope\" itemtype=\"https:\/\/schema.org\/BlogPosting\" itemprop=\"blogPost\" ><div class='avia_textblock'  itemprop=\"text\" ><p><strong>HEURES D&rsquo;OUVERTURE RESTAURANTS<\/strong><\/p>\n<h2>Unterb\u00e4ch<\/h2>\n<\/div><\/section><br \/>\n<section  class='av_textblock_section av-jwhniv6n-7-3c825d4264c5e8c121d7f53b69209f9e '   itemscope=\"itemscope\" itemtype=\"https:\/\/schema.org\/BlogPosting\" itemprop=\"blogPost\" ><div class='avia_textblock lead'  itemprop=\"text\" ><p><em>Les horaires indiqu\u00e9s correspondent aux horaires habituels en haute saison. En moyenne et basse saison, des modifications, des jours de fermeture ou des fermetures temporaires peuvent survenir. Nous vous recommandons de consulter rapidement le site web du restaurant concern\u00e9 avant votre visite.<\/em><\/p>\n<p><strong>Restaurant &amp; Bar Bietschhorn\u00a0<\/strong><\/p>\n<p>Du mercredi au dimanche, de 9 h \u00e0 22 h<br \/>\nBar: vendredi et samedi, de 22 h \u00e0 2 h.<\/p>\n<p><strong>H\u00f4tel Restaurant Alpenhof<\/strong><\/p>\n<p>Lundi : jour de repos<br \/>\nMardi \u2013 jeudi : 09h00 \u2013 22h00*<br \/>\nVendredi \u2013 samedi : 09h00 \u2013 23h00*<br \/>\nDimanche et jours f\u00e9ri\u00e9s : 09h00 \u2013 17h00<\/p>\n<p><strong>H\u00f4tel Restaurant Walliserhof<\/strong><\/p>\n<p>Lundi : 08h00 \u2013 22h00<br \/>\nMardi : jour de repos<br \/>\nMercredi : 17h00 \u2013 22h00<br \/>\nJeudi &#8211; Dimanche : 08h00 \u2013 22h00<\/p>\n<p><strong>Auberge de montagne Alpenr\u00f6sli, Brandalp<\/strong><\/p>\n<p>Ouvert du dimanche au jeudi de 9 h \u00e0 17 h.<br \/>\nOuvert le vendredi et le samedi de 9 h \u00e0 19 h.<\/p>\n<p><strong>Restaurant Ginals<\/strong><\/p>\n<p>Ferm\u00e9 durant l\u2019\u00e9t\u00e9 \/ l\u2019automne<\/p>\n<p><strong>Apr\u00e8s-Skibar Wolfsh\u00f6hle<\/strong><\/p>\n<p>Ferm\u00e9 durant l\u2019\u00e9t\u00e9 \/ l\u2019automne<\/p>\n<\/div><\/section><\/p><\/div><div class='av-flex-placeholder'><\/div>\n<style type=\"text\/css\" data-created_by=\"avia_inline_auto\" id=\"style-css-av-3z81-8-f1a470bf9f89c5f75d15c437eee22b5f\">\n.flex_column.av-3z81-8-f1a470bf9f89c5f75d15c437eee22b5f{\nborder-radius:0px 0px 0px 0px;\npadding:0px 0px 0px 0px;\n}\n<\/style>\n<div  class='flex_column av-3z81-8-f1a470bf9f89c5f75d15c437eee22b5f av_one_half  avia-builder-el-4  el_after_av_one_half  avia-builder-el-last  image av-break-at-tablet flex_column_table_cell av-equal-height-column av-align-top av-zero-column-padding avia-full-stretch  '     ><style type=\"text\/css\" data-created_by=\"avia_inline_auto\" id=\"style-css-av-kbccxasc-f165d96531bdfbb3812c9e5e98214b71\">\n.avia-image-container.av-kbccxasc-f165d96531bdfbb3812c9e5e98214b71 img.avia_image{\nbox-shadow:none;\n}\n.avia-image-container.av-kbccxasc-f165d96531bdfbb3812c9e5e98214b71 .av-image-caption-overlay-center{\ncolor:#ffffff;\n}\n<\/style>\n<div  class='avia-image-container av-kbccxasc-f165d96531bdfbb3812c9e5e98214b71 av-styling- avia-align-center  avia-builder-el-5  avia-builder-el-no-sibling '   itemprop=\"image\" itemscope=\"itemscope\" itemtype=\"https:\/\/schema.org\/ImageObject\" ><div class=\"avia-image-container-inner\"><div class=\"avia-image-overlay-wrap\"><img decoding=\"async\" loading=\"lazy\" class='wp-image-6429 avia-img-lazy-loading-6429 avia_image ' src=\"https:\/\/unterbaech.ch\/wp-content\/uploads\/DSC09972_marcoschnyder-1024x683.jpg\" alt='Bergrestaurant Alpenr\u00f6sli Unterb\u00e4ch' title='DSC09972_marcoschnyder'  height=\"683\" width=\"1024\"  itemprop=\"thumbnailUrl\" srcset=\"https:\/\/unterbaech.ch\/wp-content\/uploads\/DSC09972_marcoschnyder-1024x683.jpg 1024w, https:\/\/unterbaech.ch\/wp-content\/uploads\/DSC09972_marcoschnyder-1619x1080.jpg 1619w, https:\/\/unterbaech.ch\/wp-content\/uploads\/DSC09972_marcoschnyder-768x512.jpg 768w, https:\/\/unterbaech.ch\/wp-content\/uploads\/DSC09972_marcoschnyder-1536x1025.jpg 1536w, https:\/\/unterbaech.ch\/wp-content\/uploads\/DSC09972_marcoschnyder-1500x1001.jpg 1500w, https:\/\/unterbaech.ch\/wp-content\/uploads\/DSC09972_marcoschnyder-705x470.jpg 705w, https:\/\/unterbaech.ch\/wp-content\/uploads\/DSC09972_marcoschnyder.jpg 1920w\" sizes=\"auto, (max-width: 1024px) 100vw, 1024px\" \/><\/div><\/div><\/div><\/div><\/div><!--close column table wrapper. Autoclose: 1 -->\n","protected":false},"excerpt":{"rendered":"<p>Toujours inform\u00e9.<\/p>\n","protected":false},"author":4,"featured_media":8461,"comment_status":"closed","ping_status":"open","sticky":false,"template":"","format":"standard","meta":{"inline_featured_image":false,"footnotes":""},"categories":[11],"tags":[],"class_list":["post-22612","post","type-post","status-publish","format-standard","has-post-thumbnail","hentry","category-non-classifiee"],"yoast_head":"<!-- This site is optimized with the Yoast SEO plugin v27.5 - https:\/\/yoast.com\/product\/yoast-seo-wordpress\/ -->\n<title>Heures d&#039;ouverture restaurants - Unterb\u00e4ch<\/title>\n<meta name=\"description\" content=\"Heures d&#039;ouverture restaurants Unterb\u00e4ch\" \/>\n<meta name=\"robots\" content=\"index, follow, max-snippet:-1, max-image-preview:large, max-video-preview:-1\" \/>\n<link rel=\"canonical\" href=\"https:\/\/unterbaech.ch\/fr\/heures-douverture-restaurants\/\" \/>\n<meta property=\"og:locale\" content=\"fr_FR\" \/>\n<meta property=\"og:type\" content=\"article\" \/>\n<meta property=\"og:title\" content=\"Heures d&#039;ouverture restaurants - Unterb\u00e4ch\" \/>\n<meta property=\"og:description\" content=\"Heures d&#039;ouverture restaurants Unterb\u00e4ch\" \/>\n<meta property=\"og:url\" content=\"https:\/\/unterbaech.ch\/fr\/heures-douverture-restaurants\/\" \/>\n<meta property=\"og:site_name\" content=\"Unterb\u00e4ch\" \/>\n<meta property=\"article:publisher\" content=\"https:\/\/www.facebook.com\/unterbaech\" \/>\n<meta property=\"article:author\" content=\"https:\/\/www.facebook.com\/unterbaech\" \/>\n<meta property=\"article:published_time\" content=\"2024-06-27T08:08:23+00:00\" \/>\n<meta property=\"article:modified_time\" content=\"2026-04-09T11:34:51+00:00\" \/>\n<meta property=\"og:image\" content=\"https:\/\/unterbaech.ch\/wp-content\/uploads\/DSC02352_marcoschnyder-1.jpg\" \/>\n\t<meta property=\"og:image:width\" content=\"1920\" \/>\n\t<meta property=\"og:image:height\" content=\"1281\" \/>\n\t<meta property=\"og:image:type\" content=\"image\/jpeg\" \/>\n<meta name=\"author\" content=\"info@unterbaech.ch\" \/>\n<meta name=\"twitter:card\" content=\"summary_large_image\" \/>\n<meta name=\"twitter:label1\" content=\"\u00c9crit par\" \/>\n\t<meta name=\"twitter:data1\" content=\"info@unterbaech.ch\" \/>\n\t<meta name=\"twitter:label2\" content=\"Dur\u00e9e de lecture estim\u00e9e\" \/>\n\t<meta name=\"twitter:data2\" content=\"2 minutes\" \/>\n<script type=\"application\/ld+json\" class=\"yoast-schema-graph\">{\"@context\":\"https:\\\/\\\/schema.org\",\"@graph\":[{\"@type\":\"Article\",\"@id\":\"https:\\\/\\\/unterbaech.ch\\\/fr\\\/heures-douverture-restaurants\\\/#article\",\"isPartOf\":{\"@id\":\"https:\\\/\\\/unterbaech.ch\\\/fr\\\/heures-douverture-restaurants\\\/\"},\"author\":{\"name\":\"info@unterbaech.ch\",\"@id\":\"https:\\\/\\\/unterbaech.ch\\\/fr\\\/#\\\/schema\\\/person\\\/4adb3facc6338f7f7d54faa1de6fd715\"},\"headline\":\"Heures d&rsquo;ouverture restaurants\",\"datePublished\":\"2024-06-27T08:08:23+00:00\",\"dateModified\":\"2026-04-09T11:34:51+00:00\",\"mainEntityOfPage\":{\"@id\":\"https:\\\/\\\/unterbaech.ch\\\/fr\\\/heures-douverture-restaurants\\\/\"},\"wordCount\":862,\"publisher\":{\"@id\":\"https:\\\/\\\/unterbaech.ch\\\/fr\\\/#organization\"},\"image\":{\"@id\":\"https:\\\/\\\/unterbaech.ch\\\/fr\\\/heures-douverture-restaurants\\\/#primaryimage\"},\"thumbnailUrl\":\"https:\\\/\\\/unterbaech.ch\\\/wp-content\\\/uploads\\\/DSC02352_marcoschnyder-1.jpg\",\"articleSection\":[\"Non classifi\u00e9(e)\"],\"inLanguage\":\"fr-FR\"},{\"@type\":\"WebPage\",\"@id\":\"https:\\\/\\\/unterbaech.ch\\\/fr\\\/heures-douverture-restaurants\\\/\",\"url\":\"https:\\\/\\\/unterbaech.ch\\\/fr\\\/heures-douverture-restaurants\\\/\",\"name\":\"Heures d'ouverture restaurants - Unterb\u00e4ch\",\"isPartOf\":{\"@id\":\"https:\\\/\\\/unterbaech.ch\\\/fr\\\/#website\"},\"primaryImageOfPage\":{\"@id\":\"https:\\\/\\\/unterbaech.ch\\\/fr\\\/heures-douverture-restaurants\\\/#primaryimage\"},\"image\":{\"@id\":\"https:\\\/\\\/unterbaech.ch\\\/fr\\\/heures-douverture-restaurants\\\/#primaryimage\"},\"thumbnailUrl\":\"https:\\\/\\\/unterbaech.ch\\\/wp-content\\\/uploads\\\/DSC02352_marcoschnyder-1.jpg\",\"datePublished\":\"2024-06-27T08:08:23+00:00\",\"dateModified\":\"2026-04-09T11:34:51+00:00\",\"description\":\"Heures d'ouverture restaurants Unterb\u00e4ch\",\"breadcrumb\":{\"@id\":\"https:\\\/\\\/unterbaech.ch\\\/fr\\\/heures-douverture-restaurants\\\/#breadcrumb\"},\"inLanguage\":\"fr-FR\",\"potentialAction\":[{\"@type\":\"ReadAction\",\"target\":[\"https:\\\/\\\/unterbaech.ch\\\/fr\\\/heures-douverture-restaurants\\\/\"]}]},{\"@type\":\"ImageObject\",\"inLanguage\":\"fr-FR\",\"@id\":\"https:\\\/\\\/unterbaech.ch\\\/fr\\\/heures-douverture-restaurants\\\/#primaryimage\",\"url\":\"https:\\\/\\\/unterbaech.ch\\\/wp-content\\\/uploads\\\/DSC02352_marcoschnyder-1.jpg\",\"contentUrl\":\"https:\\\/\\\/unterbaech.ch\\\/wp-content\\\/uploads\\\/DSC02352_marcoschnyder-1.jpg\",\"width\":1920,\"height\":1281,\"caption\":\"Hotel Restaurant Alpenhof\"},{\"@type\":\"BreadcrumbList\",\"@id\":\"https:\\\/\\\/unterbaech.ch\\\/fr\\\/heures-douverture-restaurants\\\/#breadcrumb\",\"itemListElement\":[{\"@type\":\"ListItem\",\"position\":1,\"name\":\"Startseite\",\"item\":\"https:\\\/\\\/unterbaech.ch\\\/fr\\\/accueil\\\/\"},{\"@type\":\"ListItem\",\"position\":2,\"name\":\"Heures d&#8217;ouverture restaurants\"}]},{\"@type\":\"WebSite\",\"@id\":\"https:\\\/\\\/unterbaech.ch\\\/fr\\\/#website\",\"url\":\"https:\\\/\\\/unterbaech.ch\\\/fr\\\/\",\"name\":\"Unterb\u00e4ch\",\"description\":\"\",\"publisher\":{\"@id\":\"https:\\\/\\\/unterbaech.ch\\\/fr\\\/#organization\"},\"potentialAction\":[{\"@type\":\"SearchAction\",\"target\":{\"@type\":\"EntryPoint\",\"urlTemplate\":\"https:\\\/\\\/unterbaech.ch\\\/fr\\\/?s={search_term_string}\"},\"query-input\":{\"@type\":\"PropertyValueSpecification\",\"valueRequired\":true,\"valueName\":\"search_term_string\"}}],\"inLanguage\":\"fr-FR\"},{\"@type\":\"Organization\",\"@id\":\"https:\\\/\\\/unterbaech.ch\\\/fr\\\/#organization\",\"name\":\"Unterb\u00e4ch Tourismus\",\"url\":\"https:\\\/\\\/unterbaech.ch\\\/fr\\\/\",\"logo\":{\"@type\":\"ImageObject\",\"inLanguage\":\"fr-FR\",\"@id\":\"https:\\\/\\\/unterbaech.ch\\\/fr\\\/#\\\/schema\\\/logo\\\/image\\\/\",\"url\":\"https:\\\/\\\/unterbaech.ch\\\/wp-content\\\/uploads\\\/Logo-1.png\",\"contentUrl\":\"https:\\\/\\\/unterbaech.ch\\\/wp-content\\\/uploads\\\/Logo-1.png\",\"width\":1125,\"height\":1102,\"caption\":\"Unterb\u00e4ch Tourismus\"},\"image\":{\"@id\":\"https:\\\/\\\/unterbaech.ch\\\/fr\\\/#\\\/schema\\\/logo\\\/image\\\/\"},\"sameAs\":[\"https:\\\/\\\/www.facebook.com\\\/unterbaech\",\"https:\\\/\\\/www.instagram.com\\\/visit.unterbaech\\\/\",\"https:\\\/\\\/de.wikipedia.org\\\/wiki\\\/Unterb\u00e4ch\"]},{\"@type\":\"Person\",\"@id\":\"https:\\\/\\\/unterbaech.ch\\\/fr\\\/#\\\/schema\\\/person\\\/4adb3facc6338f7f7d54faa1de6fd715\",\"name\":\"info@unterbaech.ch\",\"image\":{\"@type\":\"ImageObject\",\"inLanguage\":\"fr-FR\",\"@id\":\"https:\\\/\\\/secure.gravatar.com\\\/avatar\\\/be2870820b44287fecb7b6afdca8e2bf2b51f98b2ba6edc564fd1773ca1dc746?s=96&d=mm&r=g\",\"url\":\"https:\\\/\\\/secure.gravatar.com\\\/avatar\\\/be2870820b44287fecb7b6afdca8e2bf2b51f98b2ba6edc564fd1773ca1dc746?s=96&d=mm&r=g\",\"contentUrl\":\"https:\\\/\\\/secure.gravatar.com\\\/avatar\\\/be2870820b44287fecb7b6afdca8e2bf2b51f98b2ba6edc564fd1773ca1dc746?s=96&d=mm&r=g\",\"caption\":\"info@unterbaech.ch\"},\"sameAs\":[\"http:\\\/\\\/www.unterbaech.ch\",\"https:\\\/\\\/www.facebook.com\\\/unterbaech\",\"https:\\\/\\\/www.instagram.com\\\/visit.unterbaech\\\/\"],\"url\":\"https:\\\/\\\/unterbaech.ch\\\/fr\\\/author\\\/infounterbaech-ch\\\/\"}]}<\/script>\n<!-- \/ Yoast SEO plugin. -->","yoast_head_json":{"title":"Heures d'ouverture restaurants - Unterb\u00e4ch","description":"Heures d'ouverture restaurants Unterb\u00e4ch","robots":{"index":"index","follow":"follow","max-snippet":"max-snippet:-1","max-image-preview":"max-image-preview:large","max-video-preview":"max-video-preview:-1"},"canonical":"https:\/\/unterbaech.ch\/fr\/heures-douverture-restaurants\/","og_locale":"fr_FR","og_type":"article","og_title":"Heures d'ouverture restaurants - Unterb\u00e4ch","og_description":"Heures d'ouverture restaurants Unterb\u00e4ch","og_url":"https:\/\/unterbaech.ch\/fr\/heures-douverture-restaurants\/","og_site_name":"Unterb\u00e4ch","article_publisher":"https:\/\/www.facebook.com\/unterbaech","article_author":"https:\/\/www.facebook.com\/unterbaech","article_published_time":"2024-06-27T08:08:23+00:00","article_modified_time":"2026-04-09T11:34:51+00:00","og_image":[{"width":1920,"height":1281,"url":"https:\/\/unterbaech.ch\/wp-content\/uploads\/DSC02352_marcoschnyder-1.jpg","type":"image\/jpeg"}],"author":"info@unterbaech.ch","twitter_card":"summary_large_image","twitter_misc":{"\u00c9crit par":"info@unterbaech.ch","Dur\u00e9e de lecture estim\u00e9e":"2 minutes"},"schema":{"@context":"https:\/\/schema.org","@graph":[{"@type":"Article","@id":"https:\/\/unterbaech.ch\/fr\/heures-douverture-restaurants\/#article","isPartOf":{"@id":"https:\/\/unterbaech.ch\/fr\/heures-douverture-restaurants\/"},"author":{"name":"info@unterbaech.ch","@id":"https:\/\/unterbaech.ch\/fr\/#\/schema\/person\/4adb3facc6338f7f7d54faa1de6fd715"},"headline":"Heures d&rsquo;ouverture restaurants","datePublished":"2024-06-27T08:08:23+00:00","dateModified":"2026-04-09T11:34:51+00:00","mainEntityOfPage":{"@id":"https:\/\/unterbaech.ch\/fr\/heures-douverture-restaurants\/"},"wordCount":862,"publisher":{"@id":"https:\/\/unterbaech.ch\/fr\/#organization"},"image":{"@id":"https:\/\/unterbaech.ch\/fr\/heures-douverture-restaurants\/#primaryimage"},"thumbnailUrl":"https:\/\/unterbaech.ch\/wp-content\/uploads\/DSC02352_marcoschnyder-1.jpg","articleSection":["Non classifi\u00e9(e)"],"inLanguage":"fr-FR"},{"@type":"WebPage","@id":"https:\/\/unterbaech.ch\/fr\/heures-douverture-restaurants\/","url":"https:\/\/unterbaech.ch\/fr\/heures-douverture-restaurants\/","name":"Heures d'ouverture restaurants - Unterb\u00e4ch","isPartOf":{"@id":"https:\/\/unterbaech.ch\/fr\/#website"},"primaryImageOfPage":{"@id":"https:\/\/unterbaech.ch\/fr\/heures-douverture-restaurants\/#primaryimage"},"image":{"@id":"https:\/\/unterbaech.ch\/fr\/heures-douverture-restaurants\/#primaryimage"},"thumbnailUrl":"https:\/\/unterbaech.ch\/wp-content\/uploads\/DSC02352_marcoschnyder-1.jpg","datePublished":"2024-06-27T08:08:23+00:00","dateModified":"2026-04-09T11:34:51+00:00","description":"Heures d'ouverture restaurants Unterb\u00e4ch","breadcrumb":{"@id":"https:\/\/unterbaech.ch\/fr\/heures-douverture-restaurants\/#breadcrumb"},"inLanguage":"fr-FR","potentialAction":[{"@type":"ReadAction","target":["https:\/\/unterbaech.ch\/fr\/heures-douverture-restaurants\/"]}]},{"@type":"ImageObject","inLanguage":"fr-FR","@id":"https:\/\/unterbaech.ch\/fr\/heures-douverture-restaurants\/#primaryimage","url":"https:\/\/unterbaech.ch\/wp-content\/uploads\/DSC02352_marcoschnyder-1.jpg","contentUrl":"https:\/\/unterbaech.ch\/wp-content\/uploads\/DSC02352_marcoschnyder-1.jpg","width":1920,"height":1281,"caption":"Hotel Restaurant Alpenhof"},{"@type":"BreadcrumbList","@id":"https:\/\/unterbaech.ch\/fr\/heures-douverture-restaurants\/#breadcrumb","itemListElement":[{"@type":"ListItem","position":1,"name":"Startseite","item":"https:\/\/unterbaech.ch\/fr\/accueil\/"},{"@type":"ListItem","position":2,"name":"Heures d&#8217;ouverture restaurants"}]},{"@type":"WebSite","@id":"https:\/\/unterbaech.ch\/fr\/#website","url":"https:\/\/unterbaech.ch\/fr\/","name":"Unterb\u00e4ch","description":"","publisher":{"@id":"https:\/\/unterbaech.ch\/fr\/#organization"},"potentialAction":[{"@type":"SearchAction","target":{"@type":"EntryPoint","urlTemplate":"https:\/\/unterbaech.ch\/fr\/?s={search_term_string}"},"query-input":{"@type":"PropertyValueSpecification","valueRequired":true,"valueName":"search_term_string"}}],"inLanguage":"fr-FR"},{"@type":"Organization","@id":"https:\/\/unterbaech.ch\/fr\/#organization","name":"Unterb\u00e4ch Tourismus","url":"https:\/\/unterbaech.ch\/fr\/","logo":{"@type":"ImageObject","inLanguage":"fr-FR","@id":"https:\/\/unterbaech.ch\/fr\/#\/schema\/logo\/image\/","url":"https:\/\/unterbaech.ch\/wp-content\/uploads\/Logo-1.png","contentUrl":"https:\/\/unterbaech.ch\/wp-content\/uploads\/Logo-1.png","width":1125,"height":1102,"caption":"Unterb\u00e4ch Tourismus"},"image":{"@id":"https:\/\/unterbaech.ch\/fr\/#\/schema\/logo\/image\/"},"sameAs":["https:\/\/www.facebook.com\/unterbaech","https:\/\/www.instagram.com\/visit.unterbaech\/","https:\/\/de.wikipedia.org\/wiki\/Unterb\u00e4ch"]},{"@type":"Person","@id":"https:\/\/unterbaech.ch\/fr\/#\/schema\/person\/4adb3facc6338f7f7d54faa1de6fd715","name":"info@unterbaech.ch","image":{"@type":"ImageObject","inLanguage":"fr-FR","@id":"https:\/\/secure.gravatar.com\/avatar\/be2870820b44287fecb7b6afdca8e2bf2b51f98b2ba6edc564fd1773ca1dc746?s=96&d=mm&r=g","url":"https:\/\/secure.gravatar.com\/avatar\/be2870820b44287fecb7b6afdca8e2bf2b51f98b2ba6edc564fd1773ca1dc746?s=96&d=mm&r=g","contentUrl":"https:\/\/secure.gravatar.com\/avatar\/be2870820b44287fecb7b6afdca8e2bf2b51f98b2ba6edc564fd1773ca1dc746?s=96&d=mm&r=g","caption":"info@unterbaech.ch"},"sameAs":["http:\/\/www.unterbaech.ch","https:\/\/www.facebook.com\/unterbaech","https:\/\/www.instagram.com\/visit.unterbaech\/"],"url":"https:\/\/unterbaech.ch\/fr\/author\/infounterbaech-ch\/"}]}},"_links":{"self":[{"href":"https:\/\/unterbaech.ch\/fr\/wp-json\/wp\/v2\/posts\/22612","targetHints":{"allow":["GET"]}}],"collection":[{"href":"https:\/\/unterbaech.ch\/fr\/wp-json\/wp\/v2\/posts"}],"about":[{"href":"https:\/\/unterbaech.ch\/fr\/wp-json\/wp\/v2\/types\/post"}],"author":[{"embeddable":true,"href":"https:\/\/unterbaech.ch\/fr\/wp-json\/wp\/v2\/users\/4"}],"replies":[{"embeddable":true,"href":"https:\/\/unterbaech.ch\/fr\/wp-json\/wp\/v2\/comments?post=22612"}],"version-history":[{"count":34,"href":"https:\/\/unterbaech.ch\/fr\/wp-json\/wp\/v2\/posts\/22612\/revisions"}],"predecessor-version":[{"id":29880,"href":"https:\/\/unterbaech.ch\/fr\/wp-json\/wp\/v2\/posts\/22612\/revisions\/29880"}],"wp:featuredmedia":[{"embeddable":true,"href":"https:\/\/unterbaech.ch\/fr\/wp-json\/wp\/v2\/media\/8461"}],"wp:attachment":[{"href":"https:\/\/unterbaech.ch\/fr\/wp-json\/wp\/v2\/media?parent=22612"}],"wp:term":[{"taxonomy":"category","embeddable":true,"href":"https:\/\/unterbaech.ch\/fr\/wp-json\/wp\/v2\/categories?post=22612"},{"taxonomy":"post_tag","embeddable":true,"href":"https:\/\/unterbaech.ch\/fr\/wp-json\/wp\/v2\/tags?post=22612"}],"curies":[{"name":"wp","href":"https:\/\/api.w.org\/{rel}","templated":true}]}}